{"id":601,"date":"2025-10-07T16:45:32","date_gmt":"2025-10-07T16:45:32","guid":{"rendered":"https:\/\/www.cenavj.cz\/?p=601"},"modified":"2025-11-03T13:27:23","modified_gmt":"2025-11-03T13:27:23","slug":"jan-skrivanek-nechybi-nam-recenze-ale-zpravy","status":"publish","type":"post","link":"https:\/\/www.cenavj.cz\/?p=601","title":{"rendered":"Jan Sk\u0159iv\u00e1nek: Nechyb\u00ed n\u00e1m recenze, ale zpr\u00e1vy"},"content":{"rendered":"\n<p><\/p>\n\n\n\n<p>Rok se s rokem se\u0161el a avizovan\u00e1 nov\u00e1 st\u00e1l\u00e1 expozice N\u00e1rodn\u00ed galerie v\u011bnovan\u00e1 um\u011bn\u00ed let 1939\u20131989 je\u0161t\u011b nevznikla. Podobn\u011b svou st\u00e1lou expozici dosud neotev\u0159elo ani UPM, kter\u00e9 na podzim oslavilo ji\u017e p\u011bt let od dokon\u010den\u00ed rekonstrukce sv\u00e9 historick\u00e9 budovy.<\/p>\n\n\n\n<p>Za\u010d\u00e1tkem srpna ne\u010dekan\u011b rezignoval \u0159editel Oblastn\u00ed galerie Liberec Pavel Hlubu\u010dek, kter\u00fd st\u00e1l v \u010dela t\u00e9to instituce m\u00e9n\u011b ne\u017e dva roky. Jeho p\u016fsoben\u00ed prov\u00e1zela \u0159ada kontroverz\u00ed \u2013&nbsp;hovo\u0159ilo se o \u0161ikanov\u00e1n\u00ed zam\u011bstnanc\u016f a situac\u00ed v galerii se zab\u00fdvala Um\u011bleckohistorick\u00e1 spole\u010dnosti \u010di Rada galeri\u00ed. \u017de uprost\u0159ed l\u00e9ta nakonec s\u00e1m odstoupil, bylo velk\u00fdm p\u0159ekvapen\u00edm.<\/p>\n\n\n\n<p>V l\u00e9t\u011b tak\u00e9 za\u010dal soud s n\u011bkdej\u0161\u00edm \u0159editelem GASKu a majitelem pra\u017esk\u00e9 Hauch Gallery Janem T\u0159e\u0161t\u00edkem kv\u016fli podvodu s Kandinsk\u00e9ho obrazem Kruh a skvrny, kter\u00fd byl mimo jin\u00e9 v roce 2017 jako z\u00e1p\u016fj\u010dka vystaven v N\u00e1rodn\u00ed galerii. Ji\u017e p\u0159ed deseti lety byl T\u0159e\u0161t\u00edk souzen kv\u016fli pokusu o neleg\u00e1ln\u00ed v\u00fdvoz Picassova kva\u0161e a p\u0159ed t\u0159emi lety figuroval u prodeje obskurn\u00edho not\u00e1\u0159sk\u00e9ho z\u00e1pisu z roku 1406, kter\u00fd za rekordn\u00edch 15 milion\u016f korun cht\u011bla koupit N\u00e1rodn\u00ed knihovna.<\/p>\n\n\n\n<p>Co maj\u00ed tyto ud\u00e1losti spole\u010dn\u00e9ho? Krom n\u00e1dechu jist\u00e9 skand\u00e1lnosti je to zejm\u00e9na skute\u010dnost, \u017ee je nikdo novin\u00e1\u0159sky po\u0159\u00e1dn\u011b nezpracoval. St\u00e1le odkl\u00e1dan\u00e9 st\u00e1l\u00e9 expozice nikoho netr\u00e1p\u00ed. O tom, co se vlastn\u011b v libereck\u00e9 galerii d\u011blo a co bezprost\u0159edn\u011b p\u0159edch\u00e1zelo Hlubu\u010dkov\u011b rezignaci, nejde v odborn\u00fdch m\u00e9di\u00ed nic dohledat. \u010casopis Art Antiques se omezil na kr\u00e1tkou zpr\u00e1vu, server Artalk.cz kauzu zcela ignoroval.<\/p>\n\n\n\n<p>T\u0159e\u0161t\u00edkovi se sice dost\u00e1v\u00e1 pom\u011brn\u011b hodn\u011b pozornosti v obecn\u00fdch m\u00e9di\u00edch, to v\u0161ak neznamen\u00e1, \u017ee by nebylo p\u0159\u00ednosn\u00e9 pod\u00edvat se na jeho aktivity z perspektivy v\u00fdtvarn\u00e9 sc\u00e9ny a jeho vazeb na ni. Neexistuje nap\u0159\u00edklad \u017e\u00e1dn\u00fd jeho novin\u00e1\u0159sk\u00fd profil, jen d\u00edl\u010d\u00ed \u010dl\u00e1nky zab\u00fdvaj\u00edc\u00ed se aktu\u00e1ln\u00edmi kauzami.<\/p>\n\n\n\n<p>To, \u017ee ani takto pikantn\u00ed story nen\u00ed nikdo schopen adekv\u00e1tn\u011b uchopit, nazna\u010duje slabost zdej\u0161\u00ed v\u00fdtvarn\u00e9 \u017eurnalistiky. Probl\u00e9mem nen\u00ed to, \u017ee si nem\u016f\u017eeme p\u0159e\u010d\u00edst barvit\u00e9 detaily o t\u00e9 \u010di on\u00e9 kauze, ale \u017ee se po nich nikdo ani nept\u00e1.<\/p>\n\n\n\n<p>Stejn\u011b tak se toti\u017e nakonec nikdo nept\u00e1 ani po mnohem z\u00e1va\u017en\u011bj\u0161\u00edch v\u011bcech. Nebav\u00edme se o tom, jak funguje Ministerstvo kultury na \u00farovni n\u00e1m\u011bstk\u016f \u010di \u0159editel\u016f odbor\u016f. Neanalyzujeme finan\u010dn\u00ed toky v r\u00e1mci st\u00e1tn\u00edch a krajsk\u00fdch p\u0159\u00edsp\u011bvkov\u00fdch organizac\u00ed. Nepolemizujeme o syst\u00e9mov\u00fdch v\u011bcech, maxim\u00e1ln\u011b reagujeme na jednotliv\u00e9 pr\u016f\u0161vihy.<\/p>\n\n\n\n<p>V\u00fdtvarn\u00e1 kritika je d\u016fle\u017eit\u00e1 a kr\u00e1sn\u00e1 v\u011bc. To, co na\u0161emu oboru chyb\u00ed p\u0159edev\u0161\u00edm, ale podle m\u011b nejsou n\u00e1zorov\u00e9 texty, ale zpravodajsk\u00e9 anal\u00fdzy. P\u0159e\u010d\u00edst si vybrou\u0161enou recenzi na nejnov\u011bj\u0161\u00ed v\u00fdstavu toho \u010di onoho autora nebo promy\u0161lenou polemiku s tou \u010di onou kur\u00e1torskou koncepc\u00ed m\u016f\u017ee b\u00fdt obohacuj\u00edc\u00ed. To, \u017ee \u010dasto v\u016fbec nev\u00edme, co se kolem n\u00e1s vlastn\u011b d\u011bje, je ale zni\u010duj\u00edc\u00ed.<\/p>\n\n\n\n<p>Jako b\u00fdval\u00fd \u0161\u00e9fredaktor \u010dasopisu Art Antiques na t\u00e9to situaci nesu sv\u016fj d\u00edl viny. Kvalitn\u00ed zpravodajstv\u00ed je ale drah\u00e9, i kdy\u017e zrovna ned\u011bl\u00e1te vysloven\u011b investigativn\u00ed pr\u00e1ci. Probl\u00e9m nicm\u00e9n\u011b vid\u00edm i v tom, \u017ee si zpr\u00e1v nev\u00e1\u017e\u00edme zdaleka tolik jako kritiky. Kolik debat a \u00favah o v\u00fdznamu\/\u00fapadku\/budoucnosti kritiky jsme u\u017e v\u0161ichni absolvovali nebo aspo\u0148 \u010detli? A jak moc \u0159e\u0161\u00edme \u00farove\u0148 oborov\u00e9ho zpravodajstv\u00ed, respektive jeho absenci? Pt\u00e1t se a dohled\u00e1vat fakta je p\u0159itom v dne\u0161n\u00ed dob\u011b podle m\u011b d\u016fle\u017eit\u011bj\u0161\u00ed pr\u00e1ce ne\u017e formulovat n\u00e1zor.<\/p>\n\n\n\n<p>Kdy\u017e vznikala Cena V\u011bry Jirousov\u00e9, sna\u017eil jsem se prosadit, aby ne\u0161lo jen o cenu za kritiku, ale obecn\u011bji za v\u00fdtvarnou publicistiku. Jako mo\u017en\u00e9 laure\u00e1ty jsem navrhoval Karla Oujezdsk\u00e9ho z \u010cesk\u00e9ho rozhlasu nebo Mark\u00e9tu Hore\u0161ovskou z \u010cTK. Je za nimi tolik ka\u017edodenn\u00ed pr\u00e1ce, na kter\u00e9 v\u0161ichni m\u016f\u017eeme stav\u011bt, \u017ee by si n\u011bjak\u00e9 ocen\u011bn\u00ed rozhodn\u011b zaslou\u017eili.<\/p>\n\n\n\n<p><\/p>\n\n\n\n<p><em>Jan Sk\u0159iv\u00e1nek je kur\u00e1torem Muzea Kampa, v minulosti byl \u0161\u00e9fredaktorem \u010dasopisu Art&amp;Antiques.<\/em><\/p>\n","protected":false},"excerpt":{"rendered":"<p>Rok se s rokem se\u0161el a avizovan\u00e1 nov\u00e1 st\u00e1l\u00e1 expozice N\u00e1rodn\u00ed galerie v\u011bnovan\u00e1 um\u011bn\u00ed let 1939\u20131989 je\u0161t\u011b nevznikla. Podobn\u011b svou st\u00e1lou expozici dosud neotev\u0159elo ani UPM, kter\u00e9 na podzim oslavilo ji\u017e p\u011bt let od dokon\u010den\u00ed rekonstrukce sv\u00e9 historick\u00e9 budovy. Za\u010d\u00e1tkem srpna ne\u010dekan\u011b rezignoval \u0159editel Oblastn\u00ed galerie Liberec Pavel Hlubu\u010dek, kter\u00fd st\u00e1l v \u010dela t\u00e9to instituce m\u00e9n\u011b ne\u017e dva roky. Jeho p\u016fsoben\u00ed prov\u00e1zela \u0159ada kontroverz\u00ed \u2013&nbsp;hovo\u0159ilo se o \u0161ikanov\u00e1n\u00ed zam\u011bstnanc\u016f a situac\u00ed v galerii se zab\u00fdvala Um\u011bleckohistorick\u00e1 spole\u010dnosti \u010di Rada galeri\u00ed. \u017de uprost\u0159ed l\u00e9ta nakonec s\u00e1m odstoupil, bylo velk\u00fdm p\u0159ekvapen\u00edm. V l\u00e9t\u011b tak\u00e9 za\u010dal soud s n\u011bkdej\u0161\u00edm \u0159editelem GASKu a majitelem <a href=\"https:\/\/www.cenavj.cz\/?p=601\" class=\"more-link\" title=\"Read more\">\u2192<\/a><\/p>\n","protected":false},"author":5,"featured_media":370,"comment_status":"closed","ping_status":"open","sticky":false,"template":"","format":"standard","meta":{"footnotes":""},"categories":[1],"tags":[],"class_list":["post-601","post","type-post","status-publish","format-standard","has-post-thumbnail","hentry","category-uncategorized"],"_links":{"self":[{"href":"https:\/\/www.cenavj.cz\/index.php?rest_route=\/wp\/v2\/posts\/601","targetHints":{"allow":["GET"]}}],"collection":[{"href":"https:\/\/www.cenavj.cz\/index.php?rest_route=\/wp\/v2\/posts"}],"about":[{"href":"https:\/\/www.cenavj.cz\/index.php?rest_route=\/wp\/v2\/types\/post"}],"author":[{"embeddable":true,"href":"https:\/\/www.cenavj.cz\/index.php?rest_route=\/wp\/v2\/users\/5"}],"replies":[{"embeddable":true,"href":"https:\/\/www.cenavj.cz\/index.php?rest_route=%2Fwp%2Fv2%2Fcomments&post=601"}],"version-history":[{"count":3,"href":"https:\/\/www.cenavj.cz\/index.php?rest_route=\/wp\/v2\/posts\/601\/revisions"}],"predecessor-version":[{"id":641,"href":"https:\/\/www.cenavj.cz\/index.php?rest_route=\/wp\/v2\/posts\/601\/revisions\/641"}],"wp:featuredmedia":[{"embeddable":true,"href":"https:\/\/www.cenavj.cz\/index.php?rest_route=\/wp\/v2\/media\/370"}],"wp:attachment":[{"href":"https:\/\/www.cenavj.cz\/index.php?rest_route=%2Fwp%2Fv2%2Fmedia&parent=601"}],"wp:term":[{"taxonomy":"category","embeddable":true,"href":"https:\/\/www.cenavj.cz\/index.php?rest_route=%2Fwp%2Fv2%2Fcategories&post=601"},{"taxonomy":"post_tag","embeddable":true,"href":"https:\/\/www.cenavj.cz\/index.php?rest_route=%2Fwp%2Fv2%2Ftags&post=601"}],"curies":[{"name":"wp","href":"https:\/\/api.w.org\/{rel}","templated":true}]}}