{"id":585,"date":"2025-10-07T16:31:44","date_gmt":"2025-10-07T16:31:44","guid":{"rendered":"https:\/\/www.cenavj.cz\/?p=585"},"modified":"2025-10-07T16:33:57","modified_gmt":"2025-10-07T16:33:57","slug":"udrzitelnost-vytvarne-publicistiky","status":"publish","type":"post","link":"https:\/\/www.cenavj.cz\/?p=585","title":{"rendered":"Udr\u017eitelnost v\u00fdtvarn\u00e9 publicistiky"},"content":{"rendered":"\n<h2 class=\"wp-block-heading\"><\/h2>\n\n\n\n<p><em>Udr\u017eiteln\u00e1 \u017eurnalistika m\u016f\u017ee zn\u00edt jako bezprobl\u00e9mov\u00fd c\u00edl. Pokud ode\u010dteme kel\u00edmky s litry vypit\u00e9 k\u00e1vy \u010di adekv\u00e1tn\u00ed mno\u017estv\u00ed alkoholu a popo\u017eeneme p\u0159echod z ti\u0161t\u011bn\u00e9ho periodika do online prost\u0159ed\u00ed, zd\u00e1 se, \u017ee se standardem pr\u00e1ce z domova anebo n\u011bkde po cest\u011b nen\u00ed novin\u00e1\u0159sk\u00e9 prost\u0159ed\u00ed n\u011bjak extra neudr\u017eiteln\u00e9.<\/em><\/p>\n\n\n\n<p><em>P\u0159i bli\u017e\u0161\u00ed pohledu objev\u00edme n\u011bkolik v\u00fdrazn\u011bj\u0161\u00edch z\u00e1drhel\u016f: P\u0159edev\u0161\u00edm cestov\u00e1n\u00ed \u2013 i to lze ale dnes u\u017e nahradit do zna\u010dn\u00e9 m\u00edry komunikac\u00ed p\u0159es internet, z\u00e1rove\u0148 pak plat\u00ed, \u017ee jeden novin\u00e1\u0159 (kameramanka, fotograf) m\u016f\u017ee nahradit mnoho \u010dumil\u016f a dal\u0161\u00edch cestovatel\u016f, kte\u0159\u00ed si tak cestu u\u0161et\u0159\u00ed, proto\u017ee informace u\u017e budou m\u00edt zpracovan\u00e9. Ve skute\u010dnosti to v\u0161ak \u010dasto funguje bohu\u017eel opa\u010dn\u011b: pozornost (ozvl\u00e1\u0161tn\u011bn\u00ed) p\u0159inese dal\u0161\u00ed turismus.<\/em><\/p>\n\n\n\n<p><em>Kdy\u017e se pod\u00edv\u00e1me je\u0161t\u011b bl\u00ed\u017e, uk\u00e1\u017ee se, \u017ee nejen b\u011bh server\u016f, na n\u011b\u017e dnes ukl\u00e1d\u00e1me st\u00e1le v\u011bt\u0161\u00ed objemy dat, ale t\u00e9\u017e soci\u00e1ln\u00ed s\u00edt\u011b, bez jejich\u017e dosahu se dnes m\u00e9dia neobejdou, jsou velk\u00fdm ekologick\u00fdm i soci\u00e1ln\u00edm probl\u00e9mem. Mnoho d\u016fkaz\u016f toti\u017e uk\u00e1zalo, \u017ee maj\u00ed p\u0159\u00edm\u00fd vliv, anebo nezasahuj\u00ed dostate\u010dn\u011b proti zneu\u017e\u00edv\u00e1n\u00ed vlastn\u00ed moci p\u0159i probl\u00e9mech s rasov\u00fdm, genderov\u011b, sexu\u00e1ln\u011b, n\u00e1bo\u017eensky, a i jinak orientovan\u00fdm n\u00e1sil\u00edm a nerovnostmi. O udr\u017eitelnosti tu lze mluvit jen se skoro zav\u0159en\u00fdma o\u010dima. Probl\u00e9mem je i p\u0159\u00edm\u00fd vliv na p\u0159ij\u00edm\u00e1n\u00ed ekologicky zodpov\u011bdn\u00e9 politiky, ji\u017e \u2013 stejn\u011b jako mnoh\u00e1 jin\u00e1 politick\u00e1 t\u00e9mata \u2013 soci\u00e1ln\u00ed s\u00edt\u011b um\u00ed v\u00fdrazn\u011b ovliv\u0148ovat v neprosp\u011bch budouc\u00edch generac\u00ed.<\/em><\/p>\n\n\n\n<p><em>A samoz\u0159ejm\u011b je tu tak\u00e9 ot\u00e1zka ekonomick\u00e9 sob\u011bsta\u010dnosti a udr\u017eitelnosti: jak sehnat pen\u00edze, je\u017e nebudou ohro\u017eovat nez\u00e1vislost redakce (tedy obsahu a zam\u011b\u0159en\u00ed periodika)? Je sout\u011b\u017een\u00ed v r\u00e1mci grantov\u00e9\/dota\u010dn\u00ed podpory akceptovateln\u00fdm zp\u016fsobem, jak finance z\u00edsk\u00e1vat? Jako by v\u0161e z\u00e1le\u017eelo na sout\u011b\u017ei: sledovanost, pozornost, finance sponzor\u016f, a koneckonc\u016f i snaha p\u0159it\u00e1hnout a udr\u017eet si ty nejlep\u0161\u00ed a nejspolehliv\u011bj\u0161\u00ed autorky a autory, jich\u017e je \u2013 stejn\u011b jako financ\u00ed \u2013 v\u017edycky nedostatek.<\/em><\/p>\n\n\n\n<p><em>Novina\u0159iny, stejn\u011b jako kritiky se toti\u017e t\u00fdk\u00e1 i rovina soci\u00e1ln\u00ed: Jak zajistit, aby kriti\u010dky a kritici po n\u011bkolika letech nevyho\u0159eli anebo \u2013 jak se v p\u0159\u00edpad\u011b kulturn\u00ed kritiky a \u017eurnalistiky st\u00e1v\u00e1 \u010dasto \u2013 neode\u0161li jednodu\u0161e za jist\u011bj\u0161\u00edm zam\u011bstn\u00e1n\u00edm a lep\u0161\u00edm p\u0159\u00edjmem? Jak z\u00e1rove\u0148 balancovat dostate\u010dn\u011b r\u016fznorod\u00fd profil autor\u016f a autorek text\u016f tak, aby odr\u00e1\u017eel aspo\u0148 \u010d\u00e1ste\u010dn\u011b r\u016fznorod\u00fd profil na\u0161\u00ed spole\u010dnosti? Kulturn\u00ed a v\u00fdtvarn\u00e1 kritika je velmi elitn\u00ed intelektu\u00e1ln\u00ed aktivita, jej\u00ed\u017e v\u00fdsledky nejsou v\u017edy srozumiteln\u00e9 \u0161irok\u00e9mu publiku (a zaj\u00edm\u00e1 se \u201e\u0161irok\u00e1 ve\u0159ejnost\u201c vlastn\u011b?).<\/em><\/p>\n\n\n\n<p><em>Jestli\u017ee m\u00e1 udr\u017eiteln\u00e1 \u017eurnalistika ze sv\u00e9 podstaty za \u00fakol pracovat v p\u0159\u00edtomnosti tak, aby \u017e\u00e1dn\u00fdm zp\u016fsobem neohrozila pr\u00e1ci s informacemi v budoucnu, jak\u00fdm zp\u016fsobem takov\u00e9ho nastaven\u00ed dos\u00e1hnout?<\/em><\/p>\n\n\n\n<p><em>Zam\u011b\u0159me se te\u010f konkr\u00e9tn\u011bji na periodika, jejich\u017e prim\u00e1rn\u00edm prost\u0159ed\u00edm je internet. Nab\u00edz\u00edme pohledy aktivn\u00edch kriti\u010dek a kritik\u016f, novin\u00e1\u0159ek a novin\u00e1\u0159\u016f, kte\u0159\u00ed reaguj\u00ed na tento \u00favod. Form\u00e1tem chce tento text b\u00fdt experimentem, pokusem nahradit \u017eivou debatu psan\u00fdm textem, kter\u00fd vznik\u00e1 tak, jak v\u011b\u0159\u00edme, \u017ee m\u016f\u017ee vzniknout n\u011bco nov\u00e9ho: pomalu a spole\u010dn\u011b<\/em>.<\/p>\n\n\n\n<p>(Ane\u017eka Bartlov\u00e1)<\/p>\n\n\n\n<h2 class=\"wp-block-heading\"><strong>Anna Reme\u0161ov\u00e1 (Artalk.cz)<\/strong><\/h2>\n\n\n\n<p>Udr\u017eitelnost um\u011bleck\u00e9 kritiky ch\u00e1pu mnohov\u00fdznamov\u011b a z\u00e1rove\u0148 jako kl\u00ed\u010dovou ot\u00e1zku jak\u00e9hokoliv m\u00e9dia, kter\u00e9 usiluje o reflexi sou\u010dasn\u00e9 spole\u010dnosti (a jej\u00ed kultury, pota\u017emo kultur). Ur\u010dit\u011b jde o t\u00e9ma vnit\u0159n\u00ed udr\u017eitelnosti m\u00e9dia (financov\u00e1n\u00ed a fyzick\u00e9 mo\u017enosti lid\u00ed pracuj\u00edc\u00edch v m\u00e9diu), udr\u017eitelnosti ve vztahu k prost\u0159ed\u00ed (a\u0165 u\u017e k \u017eivotn\u00edmu prost\u0159ed\u00ed, nebo politick\u00fdm podm\u00ednk\u00e1m) a t\u0159et\u00ed podle m\u011b podstatn\u00fd bod je mo\u017enost (a budoucnost) kritiky samotn\u00e9.<\/p>\n\n\n\n<p>Podstatn\u00fdm p\u0159\u00edsp\u011bvkem do t\u00e9to diskuze pro m\u011b byla letos vydan\u00e1 kniha <em>What Comes After Farce? Art and Criticism at a Time of Debacle <\/em>od Hala Fostera, kterou tvo\u0159\u00ed eseje sepsan\u00e9 v posledn\u00edch 15 letech. Foster ve sv\u00fdch textech p\u0159ipom\u00edn\u00e1, \u017ee v \u00e9\u0159e kolapsu se kritika st\u00e1v\u00e1 odcizuj\u00edc\u00edm prost\u0159edkem, kter\u00fd ztratil jakoukoliv moc ve vztahu ke kritizovan\u00e9mu. V dob\u011b, kdy si ji\u017e uv\u011bdomujeme, \u017ee kapitalismus je schopen do sebe zahrnout jak\u00e9koliv sv\u00e9 vnit\u0159n\u00ed rozpory a sebejistotu politik\u016f nelze ni\u010d\u00edm ohrozit (Foster konkr\u00e9tn\u011b p\u00ed\u0161e o Donaldu Trumpovi), nab\u00edz\u00ed se ot\u00e1zka, k \u010demu je\u0161t\u011b slou\u017e\u00ed kritika, pokud ne k sebepotvrzov\u00e1n\u00ed mal\u00e9 a elitn\u00ed skupinky intelektu\u00e1l\u016f a intelektu\u00e1lek. P\u0159i \u010detb\u011b Fosterov\u00fdch esej\u016f je t\u011b\u017ek\u00e9 si udr\u017eet optimismus.<\/p>\n\n\n\n<p>Abych nepropadla \u00fapln\u00e9mu nihilismu, ut\u011b\u0161uji se my\u0161lenkou, \u017ee kultura sehr\u00e1v\u00e1 v sou\u010dasn\u00e9m sv\u011bt\u011b kl\u00ed\u010dovou roli, a to i d\u00edky tomu, \u017ee vytv\u00e1\u0159\u00ed t\u011bch p\u00e1r m\u00edst pro sd\u00edlen\u00ed a spole\u010dnou diskuzi, kter\u00e1 se je\u0161t\u011b nepoda\u0159ilo \u00fapln\u011b zprivatizovat (pat\u0159\u00ed mezi n\u011b nap\u0159\u00edklad muzea a univerzity). Tato m\u00edsta, pokud ov\u0161em maj\u00ed vydr\u017eet d\u00e9le ne\u017e p\u00e1r let, je t\u0159eba finan\u010dn\u011b zajistit \u2013 tedy udr\u017eovat tlak na ve\u0159ejn\u00e9 poskytovatele dotac\u00ed a\/nebo zajistit \u017eivotaschopnou komunitu, kter\u00e1 se na provozu bude finan\u010dn\u011b spolupod\u00edlet \u2013 a br\u00e1t st\u00e1le na z\u0159etel vztahy, kter\u00e9 je udr\u017euj\u00ed v chodu. V tom se Artalk st\u00e1v\u00e1 anga\u017eovan\u00fdm m\u00e9diem, kter\u00e9 se zapojuje do prom\u00fd\u0161len\u00ed feministick\u00fdch a ekologick\u00fdch princip\u016f chov\u00e1n\u00ed na um\u011bleck\u00e9 sc\u00e9n\u011b a snad kv\u016fli tomu ztr\u00e1c\u00ed i n\u011bco z odstupu, kter\u00fd je pro kritickou platformu podstatn\u00fd. Na\u0161\u00ed motivac\u00ed je ale jednodu\u0161e snaha pod\u00edlet se na utv\u00e1\u0159en\u00ed takov\u00fdch institucion\u00e1ln\u00edch podm\u00ednek, ve kter\u00fdch je um\u011bleck\u00e1 tvorba co nejv\u00edce svobodn\u00e1 a v\u016fbec je\u0161t\u011b mo\u017en\u00e1. V tom pro n\u00e1s sehr\u00e1v\u00e1 z\u00e1sadn\u00ed roli t\u00e9ma prekarizace \u2013 je pro n\u00e1s podstatn\u00e9, aby v\u0161ichni ti, kdo se pod\u00edlej\u00ed na programu instituce nebo obsahu \u010dasopisu, byli d\u016fstojn\u011b ohodnoceni a v ide\u00e1ln\u00edm p\u0159\u00edpad\u011b zam\u011bstn\u00e1ni s vidinou jasn\u00fdch existen\u010dn\u00edch jistot.<\/p>\n\n\n\n<p>Udr\u017eitelnost ve vztahu k \u017eivotn\u00edmu prost\u0159ed\u00ed nech\u00e1peme jako osobn\u00ed prostor redakce (k\u00e9\u017e bychom n\u011bjakou redakci v\u016fbec m\u011bli!), kter\u00e1 za\u010dne nakupovat fair trade a bio k\u00e1vu, ale jako m\u00edsto, kde doch\u00e1z\u00ed k trp\u011bliv\u00e9mu prom\u00fd\u0161len\u00ed toho, jak\u00e9 mo\u017enosti udr\u017eiteln\u00e9ho fungov\u00e1n\u00ed vlastn\u011b m\u00e1me a jak\u00fdm zp\u016fsobem m\u016f\u017ee vizu\u00e1ln\u00ed um\u011bn\u00ed p\u0159isp\u011bt k rozr\u016fz\u0148ov\u00e1n\u00ed soci\u00e1ln\u00ed imaginace. Jsme si v\u011bdomi toho, \u017ee kulturn\u00ed segment n\u011bjak\u00fd dopad na zm\u011bny klimatu sice m\u00e1 (a je dobr\u00e9 se jej do ur\u010dit\u00e9 m\u00edry sna\u017eit minimalizovat), ale je sp\u00ed\u0161e zanedbateln\u00fd; ty nejv\u011bt\u0161\u00ed vin\u00edky zne\u010di\u0161\u0165ov\u00e1n\u00ed \u017eivotn\u00edho prost\u0159ed\u00ed je t\u0159eba hledat jinde. Kultura ale m\u016f\u017ee plnit eduka\u010dn\u00ed a p\u0159edev\u0161\u00edm soci\u00e1ln\u00ed \u00falohu, zm\u011bny spole\u010dnosti je t\u0159eba prom\u00fd\u0161let spole\u010dn\u011b, ne individu\u00e1ln\u011b, a neb\u00e1t se, \u017ee m\u016f\u017ee doj\u00edt i na konflikty.<\/p>\n\n\n\n<p>Navzdory skepticismu, kter\u00fd zazn\u00edv\u00e1 v \u00favodu Fosterovy knihy, se v z\u00e1v\u011bru autor p\u0159idr\u017euje n\u011bkolika um\u011blc\u016f, kte\u0159\u00ed se nevzd\u00e1vaj\u00ed v boji za pr\u00e1vo na obrazy reality. A doufaj\u00ed, \u017ee budou jejich d\u016fv\u011bru sd\u00edlet i ostatn\u00ed. Foster jmenuje n\u011bkolik prac\u00ed od Hito Steyerl, Haruna Farockiho, Forensic Architecture nebo Trevora Paglena a dal\u0161\u00edch, aby kladl d\u016fraz na dokument\u00e1rn\u00ed re\u017eim jako jeden z mo\u017en\u00fdch kritick\u00fdch n\u00e1stroj\u016f dne\u0161ka. V z\u00e1v\u011bru tak Foster mo\u017en\u00e1 trochu rozporuje sv\u00e1 vlastn\u00ed tvrzen\u00ed, kdy\u017e t\u011bmto autor\u016fm p\u0159izn\u00e1v\u00e1 moc p\u016fsobit a zviditel\u0148ovat podstatn\u00e9 obrazy sou\u010dasnosti (v souvislosti s Forensic Architecture lze mluvit nap\u0159\u00edklad o rasov\u011b motivovan\u00e9m n\u00e1sil\u00ed a o z\u00e1m\u011brn\u011b zaml\u017eovan\u00fdch p\u0159\u00edpadech, kdy doch\u00e1z\u00ed ke lhostejnosti ze strany st\u00e1tu \u010di m\u00e9di\u00ed v p\u0159\u00edpadech, kde se d\u011bje bezpr\u00e1v\u00ed). V\u011b\u0159\u00edm, \u017ee takovou realistickou kritiku pot\u0159ebujeme, stejn\u011b tak jako pot\u0159ebujeme snahu neuzav\u00edrat tyto politick\u00e9 diskuze jen do kulturn\u00edch instituc\u00ed. V tom pro m\u011b spo\u010d\u00edv\u00e1 nejv\u011bt\u0161\u00ed v\u00fdzva kulturn\u00ed kritiky dnes.<\/p>\n\n\n\n<h2 class=\"wp-block-heading\"><strong>Jan B\u011bl\u00ed\u010dek, \u0161\u00e9fredaktor internetov\u00e9ho den\u00edku Alarm.cz<\/strong><\/h2>\n\n\n\n<p>Uplynul\u00fd rok n\u00e1m uk\u00e1zal, \u017ee udr\u017eiteln\u00e1 \u017eurnalistika je ob\u0159\u00ed t\u00e9ma. Mluv\u00edm te\u010f p\u0159edev\u0161\u00edm o nez\u00e1visl\u00fdch m\u00e9di\u00edch, nikoliv prim\u00e1rn\u011b o t\u011bch kulturn\u00edch, kter\u00e9 snad ministerstvo kultury udr\u017eelo n\u011bjak\u00fdm zp\u016fsobem nad vodou. V roce 2020 jsme u n\u00e1s v redakci Alarmu \u0159e\u0161ili snad v\u0161echny mo\u017en\u00e9 probl\u00e9my, kter\u00e9 \u010dlov\u011bka napadnou. Je\u0161t\u011b p\u0159ed n\u00e1stupem pandemie jsme v\u011bd\u011bli, \u017ee p\u0159ijdeme asi o 70 % na\u0161eho rozpo\u010dtu. Cel\u00e1 situace redakce byla ze dne na den vzh\u016fru nohama. V\u0161echny pl\u00e1ny v ko\u0161i, za\u010dal boj o hol\u00e9 p\u0159e\u017eit\u00ed. N\u00e1sledn\u00e1 pandemie srazila inzerce kulturn\u00edch akc\u00ed na naprost\u00e9 minimum. Omezen\u00ed pohybu uvnit\u0159 \u010cR i po Evrop\u011b zase ohrozilo realizaci n\u011bkter\u00fdch na\u0161ich dom\u00e1c\u00edch i mezin\u00e1rodn\u00edch grantov\u00fdch projekt\u016f. Pandemie byla na\u0161t\u011bst\u00ed dostate\u010dn\u00fdm \u0161okem tak\u0159ka pro v\u0161echny, co\u017e znamenalo i velikou shov\u00edvavost mezin\u00e1rodn\u00edch i \u010desk\u00fdch partner\u016f. V\u011bt\u0161ina projekt\u016f se prost\u011b posunula, nebo uskute\u010dnila v jin\u00e9 podob\u011b. To u\u017e ale na podzim tolik neplatilo, pokra\u010dujeme st\u00e1le ve stejn\u00e9m tempu a shov\u00edvavost je pry\u010d.<\/p>\n\n\n\n<p>V takov\u00e9m klimatu samoz\u0159ejm\u011b vyskakuje t\u00e9ma udr\u017eitelnosti skoro na ka\u017ed\u00e9m kroku. Jde o udr\u017eitelnost finan\u010dn\u00ed, proto\u017ee aktu\u00e1ln\u00ed situace nahr\u00e1v\u00e1 m\u00e9di\u00edm financovan\u00fdm velk\u00fdmi z\u00e1jmov\u00fdmi skupinami, kter\u00fdm jde jejich financov\u00e1n\u00edm o ovliv\u0148ov\u00e1n\u00ed ve\u0159ejn\u00e9 diskuze, nikoliv prim\u00e1rn\u011b o ziskovost. Do m\u00e9di\u00ed mohou nal\u00edt tak\u0159ka neomezen\u00e9 mno\u017estv\u00ed pen\u011bz. Inzerce kles\u00e1 a bude klesat, proto\u017ee ekonomick\u00e1 krize se bude je\u0161t\u011b n\u011bjakou dobu prohlubovat. Finan\u010dn\u00ed udr\u017eitelnost m\u00e9di\u00ed je tak z\u00e1rove\u0148 i ot\u00e1zkou demokratick\u00e9ho p\u0159\u00edstupu k informac\u00edm a ot\u00e1zkou svobodn\u00e9 diskuze obecn\u011b. \u0158e\u0161en\u00edm je samoz\u0159ejm\u011b siln\u00e1 komunita \u010dten\u00e1\u0159\u016f, kter\u00e1 je schopn\u00e1 sv\u00e9 m\u00e9dium podr\u017eet a podpo\u0159it, ale s pokra\u010duj\u00edc\u00ed kriz\u00ed se budou radik\u00e1ln\u011b m\u011bnit tak\u00e9 finan\u010dn\u00ed mo\u017enosti \u010dten\u00e1\u0159\u016f, co\u017e vid\u00edm jako potenci\u00e1ln\u00ed ohro\u017een\u00ed.<\/p>\n\n\n\n<p>Vyno\u0159uje se ov\u0161em tak\u00e9 ot\u00e1zka udr\u017eitelnosti t\u00fdmov\u00e9 pr\u00e1ce v online re\u017eimu. Pro n\u011bkoho online rozhran\u00ed nep\u0159edstavuje probl\u00e9m a nic moc se pro n\u011bj nem\u011bn\u00ed. N\u011bkdo m\u00e1 v\u0161ak rad\u0161i kreativn\u00ed pr\u00e1ci v kolektivu, vym\u00fd\u0161len\u00ed v\u011bc\u00ed v redakci, v debat\u011b a&nbsp; s nov\u00fdm re\u017eimem se vyrovn\u00e1v\u00e1 mnohem h\u016f\u0159e. Na n\u011bkoho dopad\u00e1 soci\u00e1ln\u00ed izolace psychicky a znemo\u017e\u0148uje mu norm\u00e1ln\u00ed fungov\u00e1n\u00ed. V obecn\u011bj\u0161\u00ed rovin\u011b v\u0161ak pandemie umocnila negativn\u00ed tendenci \u010desk\u00fdch m\u00e9di\u00ed d\u011blat v\u011bci od stolu, p\u0159es telefon. Koronavirov\u00e1 krize rozhodn\u011b nemotivovala novin\u00e1\u0159e jezdit do ter\u00e9nu a zji\u0161\u0165ovat, jak\u00e1 je situace v opom\u00edjen\u00fdch regionech. Naopak podporuje pr\u00e1ci, kter\u00e1 vych\u00e1z\u00ed z anal\u00fdzy online dokument\u016f a z\u00edsk\u00e1v\u00e1n\u00ed informac\u00ed na d\u00e1lku. I takov\u00e1 pr\u00e1ce je samoz\u0159ejm\u011b velmi pot\u0159ebn\u00e1 a obohacuj\u00edc\u00ed, ale na obecn\u00e9 rovin\u011b se tak p\u0159\u00edkopy mezi centry a periferi\u00ed sp\u00ed\u0161e prohlubuj\u00ed.<\/p>\n\n\n\n<p>No a samoz\u0159ejm\u011b nov\u00e1 situace tak\u00e9 vyjevila problematiku udr\u017eitelnosti podfinancovan\u00fdch, poddimenzovan\u00fdch redakc\u00ed nez\u00e1visl\u00fdch a kulturn\u00edch m\u00e9di\u00ed. V\u00edce ne\u017e jindy toti\u017e musely \u0159e\u0161it v\u00fdpadky jednotliv\u00fdch \u010dlen\u016f t\u00fdmu, a\u0165 u\u017e kv\u016fli p\u00e9\u010di o rodinu a dom\u00e1cnosti, kv\u016fli onemocn\u011bn\u00ed, nebo kv\u016fli psychick\u00fdm probl\u00e9m\u016fm. T\u00edm p\u00e1dem jsou redak\u010dn\u00ed t\u00fdmy dlouhodob\u011b v mnohem v\u011bt\u0161\u00edm z\u00e1p\u0159ahu. Na ja\u0159e se s t\u00edm tak n\u011bjak po\u010d\u00edtalo. Bylo to nov\u00e9, v\u0161ichni ch\u00e1pali, \u017ee se jedn\u00e1 o extr\u00e9mn\u00ed situaci, ale na podzim u\u017e \u017e\u00e1dn\u00e1 takov\u00e1 shov\u00edvavost neexistovala. Mysl\u00edm, \u017ee v\u0161ichni c\u00edt\u00edme velikou \u00fanavu a pot\u0159ebu <em>n\u011bco<\/em> zm\u011bnit.<\/p>\n\n\n\n<p>Tak jako koronavirov\u00e1 krize odhalila velik\u00e9 probl\u00e9my \u010desk\u00e9ho st\u00e1tu, kter\u00fd jinak v \u010dasech konjunktury a prosperity fungoval celkem bezprobl\u00e9mov\u011b, odhalila stejn\u00e1 krize i struktur\u00e1ln\u00ed probl\u00e9my na\u0161\u00ed pr\u00e1ce. Uk\u00e1zalo se, jak \u0161patn\u011b a neprofesion\u00e1ln\u011b si ji d\u011bl\u00edme. \u017de nejsou jasn\u011b vymezen\u00e9 role jednotliv\u00fdch \u010dlen\u016f t\u00fdmu a v\u0161e jede na setrva\u010dnost. Kdy\u017e nejsou probl\u00e9my, nejsou tyto aspekty pr\u00e1ce tolik viditeln\u00e9. Pokud se n\u011bco za\u010dne zadrh\u00e1vat, jsou okam\u017eit\u011b vid\u011bt. Speci\u00e1ln\u011b kulturn\u00ed periodika, ale nejen ona, maj\u00ed tendenci podce\u0148ovat administrativn\u00ed a produk\u010dn\u00ed pozice. V\u0161e se to\u010d\u00ed kolem kreativn\u00ed pr\u00e1ce redaktor\u016f a autor\u016f. Uk\u00e1zalo se, \u017ee je velmi nebezpe\u010dn\u00e9 tyto pozice zanedb\u00e1vat a podce\u0148ovat. Jsou naprosto kl\u00ed\u010dov\u00e9 pro finan\u010dn\u00ed i pracovn\u00ed udr\u017eitelnost.<\/p>\n\n\n\n<p>Osobn\u011b c\u00edt\u00edm tak\u00e9 trochu vy\u010derp\u00e1n\u00ed z takzvan\u00fdch projektov\u00fdch grant\u016f, kter\u00e9 v podstat\u011b do velk\u00e9 m\u00edry ur\u010duj\u00ed agendu. Dr\u017e\u00ed samoz\u0159ejm\u011b celou \u0159adu periodik nad vodou. Bez nich by byla jejich situace je\u0161t\u011b mizern\u011bj\u0161\u00ed. Sn\u00edm ale o sv\u011bt\u011b, kde nez\u00e1visl\u00e1 a nekomer\u010dn\u00ed periodika dost\u00e1vaj\u00ed finance nen\u00e1rokov\u011b a na b\u011b\u017en\u00fd provoz, ani\u017e by musela neust\u00e1le vykazovat, \u017ee napl\u0148uj\u00ed domluven\u00fd harmonogram projektu. Takovou svobodu m\u00e9di\u00edm zat\u00edm p\u0159in\u00e1\u0161\u00ed jen finan\u010dn\u00ed sob\u011bsta\u010dnost, kterou ov\u0161em v \u010desk\u00e9m medi\u00e1ln\u00edm prostoru nem\u00e1 skoro nikdo. Bu\u010f jsou projekty z\u00e1visl\u00e9 na st\u00e1tn\u00ed podpo\u0159e, na filantropick\u00fdch, um\u011bn\u00edmilovn\u00fdch milion\u00e1\u0159\u00edch, nebo na nefilantropick\u00fdch miliard\u00e1\u0159\u00edch, jim\u017e jde o medi\u00e1ln\u00ed vliv a presti\u017e. Podpora ze strany st\u00e1tu je samoz\u0159ejm\u011b v tomto ohledu nej\u010dist\u011bj\u0161\u00ed, ale zase podl\u00e9h\u00e1 mnohem v\u011bt\u0161\u00ed ve\u0159ejn\u00e9 kritice a tlaku. Nem\u00e1m \u017e\u00e1dn\u00fd pl\u00e1n ani n\u00e1vrh, jak tuto situaci \u0159e\u0161it, ale grantov\u00e9 programy obecn\u011b (nejen v m\u00e9di\u00edch) pova\u017euji za ub\u00edjej\u00edc\u00ed a vy\u010derp\u00e1vaj\u00edc\u00ed. K\u00e9\u017e by \u0161lo v\u0161e \u0159e\u0161it jinak.<\/p>\n\n\n\n<p>A co se t\u00fd\u010de udr\u017een\u00ed profilu redakce tak, aby reprezentovala rozmanitost spole\u010dnosti, to je ur\u010dit\u011b kl\u00ed\u010dov\u00e1 ot\u00e1zka. V tomto ohledu pro m\u011b byla zaj\u00edmav\u00e1 zku\u0161enost z Amsterdamsk\u00e9 univerzity letos v \u00fanoru. Z\u00fa\u010dastnil jsem se zde debaty s doktorkou Mirjam Prenger na m\u00edstn\u00edch \u017eurnalistick\u00fdch studi\u00edch. Provedla n\u00e1s holandskou medi\u00e1ln\u00ed krajinou posledn\u00edch desetilet\u00ed a celkem p\u0159esv\u011bd\u010div\u011b n\u00e1m uk\u00e1zala v\u0161elijak\u00e9 jej\u00ed probl\u00e9my. Ot\u00e1zku medi\u00e1ln\u00ed reprezentace dala celkem explicitn\u011b do vztahu s n\u00e1r\u016fstem pravicov\u00e9ho populismu. Jenom\u017ee zat\u00edmco se holandsk\u00fdm m\u00e9di\u00edm da\u0159\u00ed za\u010dle\u0148ovat komunity migrant\u016f, etnick\u00e9 i sexu\u00e1ln\u00ed minority, lidi z ni\u017e\u0161\u00edch soci\u00e1ln\u00edch t\u0159\u00edd a s ni\u017e\u0161\u00edm vzd\u011bl\u00e1n\u00edm se za\u010dle\u0148ovat neda\u0159\u00ed. Mirjam Prenger samotn\u00e1 uzn\u00e1vala, \u017ee se to neda\u0159\u00ed, ale novin\u00e1\u0159sk\u00e1 profese podle n\u00ed z\u00e1rove\u0148 souvis\u00ed se vzd\u011bl\u00e1n\u00edm a nem\u016f\u017ee ji d\u011blat ka\u017ed\u00fd. S takto elit\u00e1\u0159sk\u00fdm pojet\u00edm novina\u0159iny samoz\u0159ejm\u011b nemohu souhlasit. Rozhodn\u011b by bylo na m\u00edst\u011b podporovat studijn\u00ed programy pom\u00e1haj\u00edc\u00ed lidem z ni\u017e\u0161\u00edch soci\u00e1ln\u00edch vrstev, zav\u00e9st i n\u011bjak\u00e9 kv\u00f3ty na lidi z ni\u017e\u0161\u00edch soci\u00e1ln\u00edch vrstev a tak d\u00e1le. Jejich perspektiva a \u017eivotn\u00ed zku\u0161enost by ur\u010dit\u011b v\u00fdznamn\u011b obohatily i na\u0161i medi\u00e1ln\u00ed krajinu.<\/p>\n\n\n\n<h2 class=\"wp-block-heading\"><strong>Kate\u0159ina Smejkalov\u00e1 (Friedrich-Ebert-Stiftung \u010cR, politolo\u017eka a nez\u00e1visl\u00e1 novin\u00e1\u0159ka)<\/strong><\/h2>\n\n\n\n<p>Spojen\u00ed \u017eurnalistiky a udr\u017eitelnosti m\u016f\u017ee zat\u00edm p\u016fsobit pon\u011bkud zvl\u00e1\u0161tn\u011b a nezvykle, a n\u011bjak ho rozebrat je tedy trochu obt\u00ed\u017en\u00fdm my\u0161lenkov\u00fdm cvi\u010den\u00edm. Pustit se do n\u011bj v\u0161ak m\u00e1 smysl i proto, \u017ee jsme zcela z\u0159eteln\u011b dosp\u011bli do bodu, kdy budeme udr\u017eitelnost v nej\u0161ir\u0161\u00edm slova smyslu muset p\u0159ijmout jako pr\u016f\u0159ezovou ot\u00e1zku a \u00fakol v podstat\u011b u v\u0161eho, \u010d\u00edm se zab\u00fdv\u00e1me. Osobn\u011b m\u011b napadaj\u00ed p\u0159inejmen\u0161\u00edm t\u0159i dimenze, o kter\u00fdch by bylo t\u0159eba p\u0159em\u00fd\u0161let, a v\u0161echny spolu sv\u00fdm zp\u016fsobem souvis\u00ed.<\/p>\n\n\n\n<p>Ban\u00e1ln\u00edm zji\u0161t\u011bn\u00edm je, \u017ee novina\u0159ina stoj\u00ed a pad\u00e1 s lidmi, kte\u0159\u00ed ji produkuj\u00ed. Mus\u00ed m\u00edt na svou pr\u00e1ci \u010das a klid, mo\u017enost vpravit se do \u0161ir\u0161\u00edch souvislost\u00ed toho, \u010demu se zrovna v\u011bnuj\u00ed, sledovat n\u011bco d\u00e9le bez p\u0159edem zaru\u010den\u00e9ho v\u00fdsledku, p\u0159em\u00fd\u0161let o komplexn\u011bj\u0161\u00edch dopadech sv\u00e9 pr\u00e1ce. To je ve slo\u017eit\u00e9m sv\u011bt\u011b, kde je t\u0159eba informovat o tak p\u0159evratn\u00fdch jevech, jako je digitalizace \u010di klimatick\u00e1 zm\u011bna, vlastn\u011b je\u0161t\u011b d\u016fle\u017eit\u011bj\u0161\u00ed ne\u017e d\u0159\u00edv. T\u00edmto ban\u00e1ln\u00edm zji\u0161t\u011bn\u00edm se n\u00e1m ale da\u0159\u00ed \u010d\u00edm d\u00e1l m\u00e9n\u011b se v realit\u011b \u0159\u00eddit. A\u017e na v\u00fdjimky jde m\u00edsto toho o pr\u00e1ci \u010d\u00edm d\u00e1l prek\u00e9rn\u011bj\u0161\u00ed a h\u016f\u0159e person\u00e1ln\u011b zaji\u0161t\u011bnou. Jist\u011b to souvis\u00ed s t\u00edm, \u017ee i do tohoto odv\u011btv\u00ed pronikl imperativ ziskovosti takovou m\u011brou, \u017ee u\u017e n\u00e1m to ani nep\u0159ijde absurdn\u00ed, i kdy\u017e by z povahy v\u011bci m\u011blo.<\/p>\n\n\n\n<p>Ur\u010dit\u00fdm vrcholem tohoto v\u00fdvoje byl vznik soci\u00e1ln\u00edch s\u00edt\u00ed. Jako jin\u00e9 tzv. digit\u00e1ln\u00ed platformy samy o sob\u011b nevytv\u00e1\u0159\u00ed \u017e\u00e1dnou novou hodnotu, jen tu vytvo\u0159enou n\u011bk\u00fdm jin\u00fdm d\u00e1vaj\u00ed pohodln\u011b na jednom m\u00edst\u011b k dispozici v\u00edce z\u00e1kazn\u00edk\u016fm a u\u017eivatel\u016fm a z transakc\u00ed \u010d\u00e1st jejich hodnoty od\u010derp\u00e1vaj\u00ed. M\u00e9dia jsou jim zat\u00edm vyd\u00e1na napospas: soci\u00e1ln\u00ed s\u00edt\u011b na jejich obsahu vyd\u011bl\u00e1vaj\u00ed nep\u0159\u00edmo skrze reklamu, kterou c\u00edl\u00ed na sv\u00e9 u\u017eivatele, zat\u00edmco noviny ve sv\u011bt\u011b, kter\u00fd si rychle zvykl na obsah zadarmo, udr\u017eiteln\u00fd model sv\u00e9ho financov\u00e1n\u00ed hledaj\u00ed v\u011bt\u0161inov\u011b bez v\u00fdsledku. Je p\u0159itom jasn\u00e9, \u017ee n\u011bjak\u00fd typ pod\u00edlen\u00ed se na n\u011bm pr\u00e1v\u011b ze strany soci\u00e1ln\u00edch s\u00edt\u00ed je nevyhnuteln\u00fd. Mus\u00ed vzniknout rozmanit\u011bj\u0161\u00ed, robustn\u011bj\u0161\u00ed, spravedliv\u011bj\u0161\u00ed a m\u00e9n\u011b jedn\u00edm sm\u011brem mocensky vych\u00fdlen\u00fd ekosyst\u00e9m.<\/p>\n\n\n\n<p>T\u0159et\u00ed d\u016fle\u017eitou v\u011bc\u00ed v\u0161ak jsou tak\u00e9 t\u00e9mata, kter\u00fdm se m\u00e9dia a kritika v\u011bnuj\u00ed, a t\u00e9\u017e jak\u00fdm jazykem, v jak\u00fdch form\u00e1tech ke komu hovo\u0159\u00ed. \u010casto se v sou\u010dasnosti nev\u011b\u0159\u00edcn\u011b krout\u00ed hlavou nad t\u00edm, jak se tak rozs\u00e1hl\u00e9 vrstvy spole\u010dnosti mohou od mainstreamov\u00fdch m\u00e9di\u00ed odvracet. Je d\u016fle\u017eit\u00e9 si p\u0159iznat, \u017ee je to z\u010d\u00e1sti jejich vlastn\u00ed vinou, proto\u017ee \u017eivotn\u00ed realitu rozs\u00e1hl\u00fdch vrstev spole\u010dnosti nezobrazuj\u00ed a nereprezentuj\u00ed. Napraven\u00ed toho je tak p\u0159edpokladem jak pro udr\u017eitelnost \u017eurnalistiky \u2013 proto\u017ee jen tak bude mo\u017en\u00e9 v\u011bt\u0161inu zase p\u0159esv\u011bd\u010dit o tom, \u017ee je d\u016fle\u017eit\u00e9 se postarat o jej\u00ed robustn\u00ed financov\u00e1n\u00ed \u2013, tak pro udr\u017eiteln\u00fd v\u00fdvoj spole\u010dnosti jako celku. Pro ten je toti\u017e nezbytn\u00e1 nejen dobr\u00e1 anal\u00fdza toho, co se d\u011bje a co m\u016f\u017ee p\u0159ij\u00edt, ale i jej\u00ed sd\u00edlen\u00ed v\u011bt\u0161inou spole\u010dnosti.<\/p>\n\n\n\n<p>Vznik textu finan\u010dn\u011b podpo\u0159ilo MK \u010cR.<\/p>\n","protected":false},"excerpt":{"rendered":"<p>Udr\u017eiteln\u00e1 \u017eurnalistika m\u016f\u017ee zn\u00edt jako bezprobl\u00e9mov\u00fd c\u00edl. Pokud ode\u010dteme kel\u00edmky s litry vypit\u00e9 k\u00e1vy \u010di adekv\u00e1tn\u00ed mno\u017estv\u00ed alkoholu a popo\u017eeneme p\u0159echod z ti\u0161t\u011bn\u00e9ho periodika do online prost\u0159ed\u00ed, zd\u00e1 se, \u017ee se standardem pr\u00e1ce z domova anebo n\u011bkde po cest\u011b nen\u00ed novin\u00e1\u0159sk\u00e9 prost\u0159ed\u00ed n\u011bjak extra neudr\u017eiteln\u00e9. P\u0159i bli\u017e\u0161\u00ed pohledu objev\u00edme n\u011bkolik v\u00fdrazn\u011bj\u0161\u00edch z\u00e1drhel\u016f: P\u0159edev\u0161\u00edm cestov\u00e1n\u00ed \u2013 i to lze ale dnes u\u017e nahradit do zna\u010dn\u00e9 m\u00edry komunikac\u00ed p\u0159es internet, z\u00e1rove\u0148 pak plat\u00ed, \u017ee jeden novin\u00e1\u0159 (kameramanka, fotograf) m\u016f\u017ee nahradit mnoho \u010dumil\u016f a dal\u0161\u00edch cestovatel\u016f, kte\u0159\u00ed si tak cestu u\u0161et\u0159\u00ed, proto\u017ee informace u\u017e budou m\u00edt zpracovan\u00e9. Ve skute\u010dnosti to v\u0161ak \u010dasto funguje <a href=\"https:\/\/www.cenavj.cz\/?p=585\" class=\"more-link\" title=\"Read more\">\u2192<\/a><\/p>\n","protected":false},"author":5,"featured_media":204,"comment_status":"closed","ping_status":"open","sticky":false,"template":"","format":"standard","meta":{"footnotes":""},"categories":[1],"tags":[],"class_list":["post-585","post","type-post","status-publish","format-standard","has-post-thumbnail","hentry","category-uncategorized"],"_links":{"self":[{"href":"https:\/\/www.cenavj.cz\/index.php?rest_route=\/wp\/v2\/posts\/585","targetHints":{"allow":["GET"]}}],"collection":[{"href":"https:\/\/www.cenavj.cz\/index.php?rest_route=\/wp\/v2\/posts"}],"about":[{"href":"https:\/\/www.cenavj.cz\/index.php?rest_route=\/wp\/v2\/types\/post"}],"author":[{"embeddable":true,"href":"https:\/\/www.cenavj.cz\/index.php?rest_route=\/wp\/v2\/users\/5"}],"replies":[{"embeddable":true,"href":"https:\/\/www.cenavj.cz\/index.php?rest_route=%2Fwp%2Fv2%2Fcomments&post=585"}],"version-history":[{"count":2,"href":"https:\/\/www.cenavj.cz\/index.php?rest_route=\/wp\/v2\/posts\/585\/revisions"}],"predecessor-version":[{"id":587,"href":"https:\/\/www.cenavj.cz\/index.php?rest_route=\/wp\/v2\/posts\/585\/revisions\/587"}],"wp:featuredmedia":[{"embeddable":true,"href":"https:\/\/www.cenavj.cz\/index.php?rest_route=\/wp\/v2\/media\/204"}],"wp:attachment":[{"href":"https:\/\/www.cenavj.cz\/index.php?rest_route=%2Fwp%2Fv2%2Fmedia&parent=585"}],"wp:term":[{"taxonomy":"category","embeddable":true,"href":"https:\/\/www.cenavj.cz\/index.php?rest_route=%2Fwp%2Fv2%2Fcategories&post=585"},{"taxonomy":"post_tag","embeddable":true,"href":"https:\/\/www.cenavj.cz\/index.php?rest_route=%2Fwp%2Fv2%2Ftags&post=585"}],"curies":[{"name":"wp","href":"https:\/\/api.w.org\/{rel}","templated":true}]}}